{"id":3359,"date":"2024-10-21T10:00:39","date_gmt":"2024-10-21T08:00:39","guid":{"rendered":"https:\/\/construeixelfutur.cat\/?p=3359"},"modified":"2024-10-08T09:22:20","modified_gmt":"2024-10-08T07:22:20","slug":"retos-de-las-pymes-constructoras","status":"publish","type":"post","link":"https:\/\/construeixelfutur.cat\/es\/retos-de-las-pymes-constructoras\/","title":{"rendered":"Retos de las pymes constructoras"},"content":{"rendered":"<div class=\"fusion-fullwidth fullwidth-box fusion-builder-row-1 fusion-flex-container has-pattern-background has-mask-background nonhundred-percent-fullwidth non-hundred-percent-height-scrolling\" style=\"--awb-border-radius-top-left:0px;--awb-border-radius-top-right:0px;--awb-border-radius-bottom-right:0px;--awb-border-radius-bottom-left:0px;--awb-flex-wrap:wrap;\" ><div class=\"fusion-builder-row fusion-row fusion-flex-align-items-flex-start fusion-flex-content-wrap\" style=\"max-width:1456px;margin-left: calc(-4% \/ 2 );margin-right: calc(-4% \/ 2 );\"><div class=\"fusion-layout-column fusion_builder_column fusion-builder-column-0 fusion_builder_column_1_1 1_1 fusion-flex-column\" style=\"--awb-bg-size:cover;--awb-width-large:100%;--awb-margin-top-large:0px;--awb-spacing-right-large:1.92%;--awb-margin-bottom-large:20px;--awb-spacing-left-large:1.92%;--awb-width-medium:100%;--awb-order-medium:0;--awb-spacing-right-medium:1.92%;--awb-spacing-left-medium:1.92%;--awb-width-small:100%;--awb-order-small:0;--awb-spacing-right-small:1.92%;--awb-spacing-left-small:1.92%;\"><div class=\"fusion-column-wrapper fusion-column-has-shadow fusion-flex-justify-content-flex-start fusion-content-layout-column\"><div class=\"fusion-text fusion-text-1\"><p><strong>Empleo y producci\u00f3n<\/strong><\/p>\n<p>En el mercado de la construcci\u00f3n, el empleo se concentra generalmente entre las peque\u00f1as empresas, que acumulan alrededor del 90 % de los trabajadores del sector. La producci\u00f3n es m\u00e1s dif\u00edcil de precisar, porque en ocasiones no se factura al cliente final, pero podr\u00edamos estimarla en un 40 % del VAB.<\/p>\n<p>Las pymes consolidadas en la construcci\u00f3n han concretado y adecuado su estrategia en la especializaci\u00f3n, que puede definirse en producto o sistema, y en la naturaleza del mercado. As\u00ed tenemos, a modo de ejemplo, empresas que se especializan en cerramientos, estructuras, refuerzos estructurales, construcci\u00f3n prefabricada, aislamientos y ahorro de energ\u00eda. Otras eligen mercados como el sanitario, el educativo, de equipamientos p\u00fablicos, vivienda o rehabilitaci\u00f3n.<\/p>\n<p>Tambi\u00e9n es importante considerar que la especializaci\u00f3n en mercados exige competencia y excelencia en determinados sistemas constructivos y que, por lo tanto, la especializaci\u00f3n genera v\u00ednculos entre mercados y sistemas constructivos.<\/p>\n<p><strong>Excelencia con riesgos<\/strong><\/p>\n<p>Existen muchas pymes constructoras que tienen una estrategia clara en la selecci\u00f3n de su mercado y que han alcanzado la excelencia en su nicho. <span style=\"color: #ff6600;\"><a style=\"color: #ff6600;\" href=\"https:\/\/construeixelfutur.cat\/es\/buenas-practicas\/buena-conducta-social-y-empresarial\/\">Han formado equipos de trabajo con t\u00e9cnicos y mandos que hacen que la empresa funcione como un todo integrado y coherente<\/a><\/span>. Sin embargo, enfrentan una amenaza, que son las oscilaciones de la demanda de la construcci\u00f3n y de la especializaci\u00f3n elegida.<\/p>\n<p>El tipo de obra para las pymes suele ser de ciclo corto, y la rotaci\u00f3n de los pedidos hace que los directores de las empresas est\u00e9n pendientes de la cartera de obras contratadas. Esto, a veces, \u201cno los deja dormir\u201d. Por este motivo, algunas empresas diversifican su especializaci\u00f3n, algo que debe hacerse con coherencia y rigor. La coherencia entre la\u00a0 estrategia (lo que queremos hacer) y la estructura de la empresa (lo que sabemos hacer o lo que podemos saber hacer) es esencial para la diversificaci\u00f3n y el crecimiento necesario. Las pymes han nacido y se han desarrollado asumiendo riesgos, y con la decisi\u00f3n y compromiso siempre de uno o varios empresarios.<\/p>\n<p>Detr\u00e1s de cada pyme constructora hay una persona emprendedora que asume una responsabilidad y un compromiso moral ante la cadena de valor del sector. Debe combinar el conocimiento del sector, el dominio de las tecnolog\u00edas y una evoluci\u00f3n de las tendencias no solo del sector sino tambi\u00e9n de la sociedad, que evoluciona hacia modelos m\u00e1s socialmente responsables y m\u00e1s respetuosos con el medio ambiente.<\/p>\n<p>Los empresarios l\u00edderes deber\u00e1n combinar ambici\u00f3n, conocimientos y capacidad para asumir riesgos.<\/p>\n<\/div><\/div><\/div><\/div><\/div>\n","protected":false},"excerpt":{"rendered":"<p>Las empresas constructoras consideradas pymes tienen retos importantes que, en la mayor\u00eda de los casos, pueden y son convertidos en oportunidades<\/p>\n","protected":false},"author":14,"featured_media":3355,"comment_status":"closed","ping_status":"open","sticky":false,"template":"","format":"standard","meta":{"inline_featured_image":false,"footnotes":""},"categories":[55],"tags":[82,83,112,90],"class_list":["post-3359","post","type-post","status-publish","format-standard","has-post-thumbnail","hentry","category-negocio","tag-empresa-es","tag-estrategia-es","tag-liderazgo","tag-mercado"],"yoast_head":"<!-- This site is optimized with the Yoast SEO plugin v26.4 - https:\/\/yoast.com\/wordpress\/plugins\/seo\/ -->\n<title>Retos de las pymes constructoras - Confederaci\u00f3 Catalana de la Construcci\u00f3<\/title>\n<meta name=\"robots\" content=\"index, follow, max-snippet:-1, max-image-preview:large, max-video-preview:-1\" \/>\n<link rel=\"canonical\" href=\"https:\/\/construeixelfutur.cat\/es\/retos-de-las-pymes-constructoras\/\" \/>\n<meta property=\"og:locale\" content=\"es_ES\" \/>\n<meta property=\"og:type\" content=\"article\" \/>\n<meta property=\"og:title\" content=\"Retos de las pymes constructoras - Confederaci\u00f3 Catalana de la Construcci\u00f3\" \/>\n<meta property=\"og:description\" content=\"Las empresas constructoras consideradas pymes tienen retos importantes que, en la mayor\u00eda de los casos, pueden y son convertidos en oportunidades\" \/>\n<meta property=\"og:url\" content=\"https:\/\/construeixelfutur.cat\/es\/retos-de-las-pymes-constructoras\/\" \/>\n<meta property=\"og:site_name\" content=\"Confederaci\u00f3 Catalana de la Construcci\u00f3\" \/>\n<meta property=\"article:published_time\" content=\"2024-10-21T08:00:39+00:00\" \/>\n<meta property=\"og:image\" content=\"https:\/\/construeixelfutur.cat\/wp-content\/uploads\/2024\/10\/Foto-Reptes-de-les-pimes-constructores-scaled.jpg\" \/>\n\t<meta property=\"og:image:width\" content=\"2560\" \/>\n\t<meta property=\"og:image:height\" content=\"1920\" \/>\n\t<meta property=\"og:image:type\" content=\"image\/jpeg\" \/>\n<meta name=\"author\" content=\"Josep Gassiot\" \/>\n<meta name=\"twitter:card\" content=\"summary_large_image\" \/>\n<meta name=\"twitter:label1\" content=\"Escrito por\" \/>\n\t<meta name=\"twitter:data1\" content=\"Josep Gassiot\" \/>\n\t<meta name=\"twitter:label2\" content=\"Tiempo de lectura\" \/>\n\t<meta name=\"twitter:data2\" content=\"3 minutos\" \/>\n<script type=\"application\/ld+json\" class=\"yoast-schema-graph\">{\"@context\":\"https:\/\/schema.org\",\"@graph\":[{\"@type\":\"WebPage\",\"@id\":\"https:\/\/construeixelfutur.cat\/es\/retos-de-las-pymes-constructoras\/\",\"url\":\"https:\/\/construeixelfutur.cat\/es\/retos-de-las-pymes-constructoras\/\",\"name\":\"Retos de las pymes constructoras - Confederaci\u00f3 Catalana de la Construcci\u00f3\",\"isPartOf\":{\"@id\":\"https:\/\/construeixelfutur.cat\/es\/#website\"},\"primaryImageOfPage\":{\"@id\":\"https:\/\/construeixelfutur.cat\/es\/retos-de-las-pymes-constructoras\/#primaryimage\"},\"image\":{\"@id\":\"https:\/\/construeixelfutur.cat\/es\/retos-de-las-pymes-constructoras\/#primaryimage\"},\"thumbnailUrl\":\"https:\/\/construeixelfutur.cat\/wp-content\/uploads\/2024\/10\/Foto-Reptes-de-les-pimes-constructores-scaled.jpg\",\"datePublished\":\"2024-10-21T08:00:39+00:00\",\"author\":{\"@id\":\"https:\/\/construeixelfutur.cat\/es\/#\/schema\/person\/4779b9454a9d15698022d811c8e6f36a\"},\"breadcrumb\":{\"@id\":\"https:\/\/construeixelfutur.cat\/es\/retos-de-las-pymes-constructoras\/#breadcrumb\"},\"inLanguage\":\"es\",\"potentialAction\":[{\"@type\":\"ReadAction\",\"target\":[\"https:\/\/construeixelfutur.cat\/es\/retos-de-las-pymes-constructoras\/\"]}]},{\"@type\":\"ImageObject\",\"inLanguage\":\"es\",\"@id\":\"https:\/\/construeixelfutur.cat\/es\/retos-de-las-pymes-constructoras\/#primaryimage\",\"url\":\"https:\/\/construeixelfutur.cat\/wp-content\/uploads\/2024\/10\/Foto-Reptes-de-les-pimes-constructores-scaled.jpg\",\"contentUrl\":\"https:\/\/construeixelfutur.cat\/wp-content\/uploads\/2024\/10\/Foto-Reptes-de-les-pimes-constructores-scaled.jpg\",\"width\":2560,\"height\":1920},{\"@type\":\"BreadcrumbList\",\"@id\":\"https:\/\/construeixelfutur.cat\/es\/retos-de-las-pymes-constructoras\/#breadcrumb\",\"itemListElement\":[{\"@type\":\"ListItem\",\"position\":1,\"name\":\"Portada\",\"item\":\"https:\/\/construeixelfutur.cat\/es\/\"},{\"@type\":\"ListItem\",\"position\":2,\"name\":\"Retos de las pymes constructoras\"}]},{\"@type\":\"WebSite\",\"@id\":\"https:\/\/construeixelfutur.cat\/es\/#website\",\"url\":\"https:\/\/construeixelfutur.cat\/es\/\",\"name\":\"Confederaci\u00f3 Catalana de la Construcci\u00f3\",\"description\":\"Just another WordPress site\",\"potentialAction\":[{\"@type\":\"SearchAction\",\"target\":{\"@type\":\"EntryPoint\",\"urlTemplate\":\"https:\/\/construeixelfutur.cat\/es\/?s={search_term_string}\"},\"query-input\":{\"@type\":\"PropertyValueSpecification\",\"valueRequired\":true,\"valueName\":\"search_term_string\"}}],\"inLanguage\":\"es\"},{\"@type\":\"Person\",\"@id\":\"https:\/\/construeixelfutur.cat\/es\/#\/schema\/person\/4779b9454a9d15698022d811c8e6f36a\",\"name\":\"Josep Gassiot\",\"description\":\"Josep Gassiot (Barcelona, 1941) \u00e9s un enginyer i empresari catal\u00e0 especialitzat en el sector de la construcci\u00f3. Acumula formaci\u00f3 en enginyeria qu\u00edmica i industrial i ha destacat per la seva tasca en la rehabilitaci\u00f3 i millora d\u2019edificacions i per la seva contribuci\u00f3 a diverses organitzacions empresarials del sector. Ha estat president del Gremi de Constructors de Barcelona i Comarques (2017-2023) i des del 2020, \u00e9s president de la Confederaci\u00f3 Catalana de la Construcci\u00f3 i \u00e9s vocal del Consell Assessor d\u2019Infraestructures de Catalunya.\",\"url\":\"https:\/\/construeixelfutur.cat\/es\/author\/josep-gassiot\/\"}]}<\/script>\n<!-- \/ Yoast SEO plugin. -->","yoast_head_json":{"title":"Retos de las pymes constructoras - Confederaci\u00f3 Catalana de la Construcci\u00f3","robots":{"index":"index","follow":"follow","max-snippet":"max-snippet:-1","max-image-preview":"max-image-preview:large","max-video-preview":"max-video-preview:-1"},"canonical":"https:\/\/construeixelfutur.cat\/es\/retos-de-las-pymes-constructoras\/","og_locale":"es_ES","og_type":"article","og_title":"Retos de las pymes constructoras - Confederaci\u00f3 Catalana de la Construcci\u00f3","og_description":"Las empresas constructoras consideradas pymes tienen retos importantes que, en la mayor\u00eda de los casos, pueden y son convertidos en oportunidades","og_url":"https:\/\/construeixelfutur.cat\/es\/retos-de-las-pymes-constructoras\/","og_site_name":"Confederaci\u00f3 Catalana de la Construcci\u00f3","article_published_time":"2024-10-21T08:00:39+00:00","og_image":[{"width":2560,"height":1920,"url":"https:\/\/construeixelfutur.cat\/wp-content\/uploads\/2024\/10\/Foto-Reptes-de-les-pimes-constructores-scaled.jpg","type":"image\/jpeg"}],"author":"Josep Gassiot","twitter_card":"summary_large_image","twitter_misc":{"Escrito por":"Josep Gassiot","Tiempo de lectura":"3 minutos"},"schema":{"@context":"https:\/\/schema.org","@graph":[{"@type":"WebPage","@id":"https:\/\/construeixelfutur.cat\/es\/retos-de-las-pymes-constructoras\/","url":"https:\/\/construeixelfutur.cat\/es\/retos-de-las-pymes-constructoras\/","name":"Retos de las pymes constructoras - Confederaci\u00f3 Catalana de la Construcci\u00f3","isPartOf":{"@id":"https:\/\/construeixelfutur.cat\/es\/#website"},"primaryImageOfPage":{"@id":"https:\/\/construeixelfutur.cat\/es\/retos-de-las-pymes-constructoras\/#primaryimage"},"image":{"@id":"https:\/\/construeixelfutur.cat\/es\/retos-de-las-pymes-constructoras\/#primaryimage"},"thumbnailUrl":"https:\/\/construeixelfutur.cat\/wp-content\/uploads\/2024\/10\/Foto-Reptes-de-les-pimes-constructores-scaled.jpg","datePublished":"2024-10-21T08:00:39+00:00","author":{"@id":"https:\/\/construeixelfutur.cat\/es\/#\/schema\/person\/4779b9454a9d15698022d811c8e6f36a"},"breadcrumb":{"@id":"https:\/\/construeixelfutur.cat\/es\/retos-de-las-pymes-constructoras\/#breadcrumb"},"inLanguage":"es","potentialAction":[{"@type":"ReadAction","target":["https:\/\/construeixelfutur.cat\/es\/retos-de-las-pymes-constructoras\/"]}]},{"@type":"ImageObject","inLanguage":"es","@id":"https:\/\/construeixelfutur.cat\/es\/retos-de-las-pymes-constructoras\/#primaryimage","url":"https:\/\/construeixelfutur.cat\/wp-content\/uploads\/2024\/10\/Foto-Reptes-de-les-pimes-constructores-scaled.jpg","contentUrl":"https:\/\/construeixelfutur.cat\/wp-content\/uploads\/2024\/10\/Foto-Reptes-de-les-pimes-constructores-scaled.jpg","width":2560,"height":1920},{"@type":"BreadcrumbList","@id":"https:\/\/construeixelfutur.cat\/es\/retos-de-las-pymes-constructoras\/#breadcrumb","itemListElement":[{"@type":"ListItem","position":1,"name":"Portada","item":"https:\/\/construeixelfutur.cat\/es\/"},{"@type":"ListItem","position":2,"name":"Retos de las pymes constructoras"}]},{"@type":"WebSite","@id":"https:\/\/construeixelfutur.cat\/es\/#website","url":"https:\/\/construeixelfutur.cat\/es\/","name":"Confederaci\u00f3 Catalana de la Construcci\u00f3","description":"Just another WordPress site","potentialAction":[{"@type":"SearchAction","target":{"@type":"EntryPoint","urlTemplate":"https:\/\/construeixelfutur.cat\/es\/?s={search_term_string}"},"query-input":{"@type":"PropertyValueSpecification","valueRequired":true,"valueName":"search_term_string"}}],"inLanguage":"es"},{"@type":"Person","@id":"https:\/\/construeixelfutur.cat\/es\/#\/schema\/person\/4779b9454a9d15698022d811c8e6f36a","name":"Josep Gassiot","description":"Josep Gassiot (Barcelona, 1941) \u00e9s un enginyer i empresari catal\u00e0 especialitzat en el sector de la construcci\u00f3. Acumula formaci\u00f3 en enginyeria qu\u00edmica i industrial i ha destacat per la seva tasca en la rehabilitaci\u00f3 i millora d\u2019edificacions i per la seva contribuci\u00f3 a diverses organitzacions empresarials del sector. Ha estat president del Gremi de Constructors de Barcelona i Comarques (2017-2023) i des del 2020, \u00e9s president de la Confederaci\u00f3 Catalana de la Construcci\u00f3 i \u00e9s vocal del Consell Assessor d\u2019Infraestructures de Catalunya.","url":"https:\/\/construeixelfutur.cat\/es\/author\/josep-gassiot\/"}]}},"_links":{"self":[{"href":"https:\/\/construeixelfutur.cat\/es\/wp-json\/wp\/v2\/posts\/3359","targetHints":{"allow":["GET"]}}],"collection":[{"href":"https:\/\/construeixelfutur.cat\/es\/wp-json\/wp\/v2\/posts"}],"about":[{"href":"https:\/\/construeixelfutur.cat\/es\/wp-json\/wp\/v2\/types\/post"}],"author":[{"embeddable":true,"href":"https:\/\/construeixelfutur.cat\/es\/wp-json\/wp\/v2\/users\/14"}],"replies":[{"embeddable":true,"href":"https:\/\/construeixelfutur.cat\/es\/wp-json\/wp\/v2\/comments?post=3359"}],"version-history":[{"count":4,"href":"https:\/\/construeixelfutur.cat\/es\/wp-json\/wp\/v2\/posts\/3359\/revisions"}],"predecessor-version":[{"id":3385,"href":"https:\/\/construeixelfutur.cat\/es\/wp-json\/wp\/v2\/posts\/3359\/revisions\/3385"}],"wp:featuredmedia":[{"embeddable":true,"href":"https:\/\/construeixelfutur.cat\/es\/wp-json\/wp\/v2\/media\/3355"}],"wp:attachment":[{"href":"https:\/\/construeixelfutur.cat\/es\/wp-json\/wp\/v2\/media?parent=3359"}],"wp:term":[{"taxonomy":"category","embeddable":true,"href":"https:\/\/construeixelfutur.cat\/es\/wp-json\/wp\/v2\/categories?post=3359"},{"taxonomy":"post_tag","embeddable":true,"href":"https:\/\/construeixelfutur.cat\/es\/wp-json\/wp\/v2\/tags?post=3359"}],"curies":[{"name":"wp","href":"https:\/\/api.w.org\/{rel}","templated":true}]}}